{"id":6983,"date":"2022-12-19T09:36:35","date_gmt":"2022-12-19T09:36:35","guid":{"rendered":"https:\/\/www.sii-pinocchio.hr\/?p=6983"},"modified":"2022-12-19T10:26:08","modified_gmt":"2022-12-19T10:26:08","slug":"laboratorio-di-natale-con-i-genitori","status":"publish","type":"post","link":"https:\/\/www.sii-pinocchio.hr\/it\/laboratorio-di-natale-con-i-genitori\/","title":{"rendered":"Laboratorio di Natale con i genitori"},"content":{"rendered":"<p>C&#8217;\u00e8 aria di Natale alla scuola italiana dell&#8217;infanzia Pinocchio &#8211; Zara.<\/p>\n<p>Nel pomeriggio di mercoled\u00ec 14 e gioved\u00ec 15 dicembre la nostra scuola si \u00e8 trasformata in un grande laboratorio natalizio.<\/p>\n<p>I genitori hanno affiancato i loro figli nella realizzazione di oggetti, decori e centrotavola natalizi.<\/p>\n<p>Il pomeriggio \u00e8 trascorso nell&#8217;armonia fra le famiglie ed \u00e8 stata un&#8217;occasione di socializzazione e di scambio.<\/p>\n<p><a href=\"https:\/\/www.sii-pinocchio.hr\/it\/foto-laboratorio-di-natale-con-i-genitori\/\"><strong>GALLERIA FOTOGRAFICA<\/strong><\/a><\/p>","protected":false},"excerpt":{"rendered":"<p>C&#8217;\u00e8 aria di Natale alla scuola italiana dell&#8217;infanzia Pinocchio &#8211; Zara. Nel pomeriggio di mercoled\u00ec 14 e gioved\u00ec 15 dicembre la nostra scuola si \u00e8 trasformata in un grande laboratorio natalizio. I genitori hanno affiancato i loro figli nella realizzazione di oggetti, decori e centrotavola natalizi. Il pomeriggio \u00e8 trascorso nell&#8217;armonia fra le famiglie ed [&hellip;]<\/p>","protected":false},"author":2,"featured_media":6975,"comment_status":"closed","ping_status":"open","sticky":false,"template":"","format":"standard","meta":{"footnotes":""},"categories":[4,75],"tags":[],"class_list":["post-6983","post","type-post","status-publish","format-standard","has-post-thumbnail","hentry","category-aktivnosti","category-novosti"],"yoast_head":"<!-- This site is optimized with the Yoast SEO plugin v19.0 - https:\/\/yoast.com\/wordpress\/plugins\/seo\/ -->\n<title>Laboratorio di Natale con i genitori - Talijanski dje\u010dji vrti\u0107 Pinocchio<\/title>\n<meta name=\"robots\" content=\"index, follow, max-snippet:-1, max-image-preview:large, max-video-preview:-1\" \/>\n<link rel=\"canonical\" href=\"https:\/\/www.sii-pinocchio.hr\/it\/laboratorio-di-natale-con-i-genitori\/\" \/>\n<meta property=\"og:locale\" content=\"it_IT\" \/>\n<meta property=\"og:type\" content=\"article\" \/>\n<meta property=\"og:title\" content=\"Laboratorio di Natale con i genitori - Talijanski dje\u010dji vrti\u0107 Pinocchio\" \/>\n<meta property=\"og:description\" content=\"C&#8217;\u00e8 aria di Natale alla scuola italiana dell&#8217;infanzia Pinocchio &#8211; Zara. Nel pomeriggio di mercoled\u00ec 14 e gioved\u00ec 15 dicembre la nostra scuola si \u00e8 trasformata in un grande laboratorio natalizio. I genitori hanno affiancato i loro figli nella realizzazione di oggetti, decori e centrotavola natalizi. Il pomeriggio \u00e8 trascorso nell&#8217;armonia fra le famiglie ed [&hellip;]\" \/>\n<meta property=\"og:url\" content=\"https:\/\/www.sii-pinocchio.hr\/it\/laboratorio-di-natale-con-i-genitori\/\" \/>\n<meta property=\"og:site_name\" content=\"Talijanski dje\u010dji vrti\u0107 Pinocchio\" \/>\n<meta property=\"article:published_time\" content=\"2022-12-19T09:36:35+00:00\" \/>\n<meta property=\"article:modified_time\" content=\"2022-12-19T10:26:08+00:00\" \/>\n<meta property=\"og:image\" content=\"https:\/\/www.sii-pinocchio.hr\/wp-content\/uploads\/2022\/12\/pinocchio-laboratorio-di-natale-2022-9.jpg\" \/>\n\t<meta property=\"og:image:width\" content=\"1024\" \/>\n\t<meta property=\"og:image:height\" content=\"576\" \/>\n\t<meta property=\"og:image:type\" content=\"image\/jpeg\" \/>\n<meta name=\"twitter:card\" content=\"summary_large_image\" \/>\n<meta name=\"twitter:label1\" content=\"Scritto da\" \/>\n\t<meta name=\"twitter:data1\" content=\"Pinocchio Zara\" \/>\n\t<meta name=\"twitter:label2\" content=\"Tempo di lettura stimato\" \/>\n\t<meta name=\"twitter:data2\" content=\"1 minuto\" \/>\n<script type=\"application\/ld+json\" class=\"yoast-schema-graph\">{\"@context\":\"https:\/\/schema.org\",\"@graph\":[{\"@type\":\"WebSite\",\"@id\":\"https:\/\/www.sii-pinocchio.hr\/it\/#website\",\"url\":\"https:\/\/www.sii-pinocchio.hr\/it\/\",\"name\":\"Talijanski dje\u010dji vrti\u0107 Pinocchio\",\"description\":\"\",\"potentialAction\":[{\"@type\":\"SearchAction\",\"target\":{\"@type\":\"EntryPoint\",\"urlTemplate\":\"https:\/\/www.sii-pinocchio.hr\/it\/?s={search_term_string}\"},\"query-input\":\"required name=search_term_string\"}],\"inLanguage\":\"it-IT\"},{\"@type\":\"ImageObject\",\"inLanguage\":\"it-IT\",\"@id\":\"https:\/\/www.sii-pinocchio.hr\/laboratorio-di-natale-con-i-genitori\/#primaryimage\",\"url\":\"https:\/\/www.sii-pinocchio.hr\/wp-content\/uploads\/2022\/12\/pinocchio-laboratorio-di-natale-2022-9.jpg\",\"contentUrl\":\"https:\/\/www.sii-pinocchio.hr\/wp-content\/uploads\/2022\/12\/pinocchio-laboratorio-di-natale-2022-9.jpg\",\"width\":1024,\"height\":576},{\"@type\":\"WebPage\",\"@id\":\"https:\/\/www.sii-pinocchio.hr\/laboratorio-di-natale-con-i-genitori\/#webpage\",\"url\":\"https:\/\/www.sii-pinocchio.hr\/laboratorio-di-natale-con-i-genitori\/\",\"name\":\"Laboratorio di Natale con i genitori - Talijanski dje\u010dji vrti\u0107 Pinocchio\",\"isPartOf\":{\"@id\":\"https:\/\/www.sii-pinocchio.hr\/it\/#website\"},\"primaryImageOfPage\":{\"@id\":\"https:\/\/www.sii-pinocchio.hr\/laboratorio-di-natale-con-i-genitori\/#primaryimage\"},\"datePublished\":\"2022-12-19T09:36:35+00:00\",\"dateModified\":\"2022-12-19T10:26:08+00:00\",\"author\":{\"@id\":\"https:\/\/www.sii-pinocchio.hr\/it\/#\/schema\/person\/b3e6a2d727d00754aa7ef2d4613cf79e\"},\"breadcrumb\":{\"@id\":\"https:\/\/www.sii-pinocchio.hr\/laboratorio-di-natale-con-i-genitori\/#breadcrumb\"},\"inLanguage\":\"it-IT\",\"potentialAction\":[{\"@type\":\"ReadAction\",\"target\":[\"https:\/\/www.sii-pinocchio.hr\/laboratorio-di-natale-con-i-genitori\/\"]}]},{\"@type\":\"BreadcrumbList\",\"@id\":\"https:\/\/www.sii-pinocchio.hr\/laboratorio-di-natale-con-i-genitori\/#breadcrumb\",\"itemListElement\":[{\"@type\":\"ListItem\",\"position\":1,\"name\":\"Po\u010detna stranica\",\"item\":\"https:\/\/www.sii-pinocchio.hr\/\"},{\"@type\":\"ListItem\",\"position\":2,\"name\":\"Laboratorio di Natale con i genitori\"}]},{\"@type\":\"Person\",\"@id\":\"https:\/\/www.sii-pinocchio.hr\/it\/#\/schema\/person\/b3e6a2d727d00754aa7ef2d4613cf79e\",\"name\":\"Pinocchio Zara\",\"image\":{\"@type\":\"ImageObject\",\"inLanguage\":\"it-IT\",\"@id\":\"https:\/\/www.sii-pinocchio.hr\/it\/#\/schema\/person\/image\/\",\"url\":\"https:\/\/secure.gravatar.com\/avatar\/6d27b29147b76f249d57a4cb88380f33630502a879098d16f4291cb216ab59f2?s=96&d=mm&r=g\",\"contentUrl\":\"https:\/\/secure.gravatar.com\/avatar\/6d27b29147b76f249d57a4cb88380f33630502a879098d16f4291cb216ab59f2?s=96&d=mm&r=g\",\"caption\":\"Pinocchio Zara\"},\"url\":\"https:\/\/www.sii-pinocchio.hr\/it\/author\/pinocchiozara\/\"}]}<\/script>\n<!-- \/ Yoast SEO plugin. -->","yoast_head_json":{"title":"Laboratorio di Natale con i genitori - Talijanski dje\u010dji vrti\u0107 Pinocchio","robots":{"index":"index","follow":"follow","max-snippet":"max-snippet:-1","max-image-preview":"max-image-preview:large","max-video-preview":"max-video-preview:-1"},"canonical":"https:\/\/www.sii-pinocchio.hr\/it\/laboratorio-di-natale-con-i-genitori\/","og_locale":"it_IT","og_type":"article","og_title":"Laboratorio di Natale con i genitori - Talijanski dje\u010dji vrti\u0107 Pinocchio","og_description":"C&#8217;\u00e8 aria di Natale alla scuola italiana dell&#8217;infanzia Pinocchio &#8211; Zara. Nel pomeriggio di mercoled\u00ec 14 e gioved\u00ec 15 dicembre la nostra scuola si \u00e8 trasformata in un grande laboratorio natalizio. I genitori hanno affiancato i loro figli nella realizzazione di oggetti, decori e centrotavola natalizi. Il pomeriggio \u00e8 trascorso nell&#8217;armonia fra le famiglie ed [&hellip;]","og_url":"https:\/\/www.sii-pinocchio.hr\/it\/laboratorio-di-natale-con-i-genitori\/","og_site_name":"Talijanski dje\u010dji vrti\u0107 Pinocchio","article_published_time":"2022-12-19T09:36:35+00:00","article_modified_time":"2022-12-19T10:26:08+00:00","og_image":[{"width":1024,"height":576,"url":"https:\/\/www.sii-pinocchio.hr\/wp-content\/uploads\/2022\/12\/pinocchio-laboratorio-di-natale-2022-9.jpg","type":"image\/jpeg"}],"twitter_card":"summary_large_image","twitter_misc":{"Scritto da":"Pinocchio Zara","Tempo di lettura stimato":"1 minuto"},"schema":{"@context":"https:\/\/schema.org","@graph":[{"@type":"WebSite","@id":"https:\/\/www.sii-pinocchio.hr\/it\/#website","url":"https:\/\/www.sii-pinocchio.hr\/it\/","name":"Talijanski dje\u010dji vrti\u0107 Pinocchio","description":"","potentialAction":[{"@type":"SearchAction","target":{"@type":"EntryPoint","urlTemplate":"https:\/\/www.sii-pinocchio.hr\/it\/?s={search_term_string}"},"query-input":"required name=search_term_string"}],"inLanguage":"it-IT"},{"@type":"ImageObject","inLanguage":"it-IT","@id":"https:\/\/www.sii-pinocchio.hr\/laboratorio-di-natale-con-i-genitori\/#primaryimage","url":"https:\/\/www.sii-pinocchio.hr\/wp-content\/uploads\/2022\/12\/pinocchio-laboratorio-di-natale-2022-9.jpg","contentUrl":"https:\/\/www.sii-pinocchio.hr\/wp-content\/uploads\/2022\/12\/pinocchio-laboratorio-di-natale-2022-9.jpg","width":1024,"height":576},{"@type":"WebPage","@id":"https:\/\/www.sii-pinocchio.hr\/laboratorio-di-natale-con-i-genitori\/#webpage","url":"https:\/\/www.sii-pinocchio.hr\/laboratorio-di-natale-con-i-genitori\/","name":"Laboratorio di Natale con i genitori - Talijanski dje\u010dji vrti\u0107 Pinocchio","isPartOf":{"@id":"https:\/\/www.sii-pinocchio.hr\/it\/#website"},"primaryImageOfPage":{"@id":"https:\/\/www.sii-pinocchio.hr\/laboratorio-di-natale-con-i-genitori\/#primaryimage"},"datePublished":"2022-12-19T09:36:35+00:00","dateModified":"2022-12-19T10:26:08+00:00","author":{"@id":"https:\/\/www.sii-pinocchio.hr\/it\/#\/schema\/person\/b3e6a2d727d00754aa7ef2d4613cf79e"},"breadcrumb":{"@id":"https:\/\/www.sii-pinocchio.hr\/laboratorio-di-natale-con-i-genitori\/#breadcrumb"},"inLanguage":"it-IT","potentialAction":[{"@type":"ReadAction","target":["https:\/\/www.sii-pinocchio.hr\/laboratorio-di-natale-con-i-genitori\/"]}]},{"@type":"BreadcrumbList","@id":"https:\/\/www.sii-pinocchio.hr\/laboratorio-di-natale-con-i-genitori\/#breadcrumb","itemListElement":[{"@type":"ListItem","position":1,"name":"Po\u010detna stranica","item":"https:\/\/www.sii-pinocchio.hr\/"},{"@type":"ListItem","position":2,"name":"Laboratorio di Natale con i genitori"}]},{"@type":"Person","@id":"https:\/\/www.sii-pinocchio.hr\/it\/#\/schema\/person\/b3e6a2d727d00754aa7ef2d4613cf79e","name":"Pinocchio Zara","image":{"@type":"ImageObject","inLanguage":"it-IT","@id":"https:\/\/www.sii-pinocchio.hr\/it\/#\/schema\/person\/image\/","url":"https:\/\/secure.gravatar.com\/avatar\/6d27b29147b76f249d57a4cb88380f33630502a879098d16f4291cb216ab59f2?s=96&d=mm&r=g","contentUrl":"https:\/\/secure.gravatar.com\/avatar\/6d27b29147b76f249d57a4cb88380f33630502a879098d16f4291cb216ab59f2?s=96&d=mm&r=g","caption":"Pinocchio Zara"},"url":"https:\/\/www.sii-pinocchio.hr\/it\/author\/pinocchiozara\/"}]}},"_links":{"self":[{"href":"https:\/\/www.sii-pinocchio.hr\/it\/wp-json\/wp\/v2\/posts\/6983","targetHints":{"allow":["GET"]}}],"collection":[{"href":"https:\/\/www.sii-pinocchio.hr\/it\/wp-json\/wp\/v2\/posts"}],"about":[{"href":"https:\/\/www.sii-pinocchio.hr\/it\/wp-json\/wp\/v2\/types\/post"}],"author":[{"embeddable":true,"href":"https:\/\/www.sii-pinocchio.hr\/it\/wp-json\/wp\/v2\/users\/2"}],"replies":[{"embeddable":true,"href":"https:\/\/www.sii-pinocchio.hr\/it\/wp-json\/wp\/v2\/comments?post=6983"}],"version-history":[{"count":5,"href":"https:\/\/www.sii-pinocchio.hr\/it\/wp-json\/wp\/v2\/posts\/6983\/revisions"}],"predecessor-version":[{"id":6992,"href":"https:\/\/www.sii-pinocchio.hr\/it\/wp-json\/wp\/v2\/posts\/6983\/revisions\/6992"}],"wp:featuredmedia":[{"embeddable":true,"href":"https:\/\/www.sii-pinocchio.hr\/it\/wp-json\/wp\/v2\/media\/6975"}],"wp:attachment":[{"href":"https:\/\/www.sii-pinocchio.hr\/it\/wp-json\/wp\/v2\/media?parent=6983"}],"wp:term":[{"taxonomy":"category","embeddable":true,"href":"https:\/\/www.sii-pinocchio.hr\/it\/wp-json\/wp\/v2\/categories?post=6983"},{"taxonomy":"post_tag","embeddable":true,"href":"https:\/\/www.sii-pinocchio.hr\/it\/wp-json\/wp\/v2\/tags?post=6983"}],"curies":[{"name":"wp","href":"https:\/\/api.w.org\/{rel}","templated":true}]}}